[{"nid":"92","title":"\u003Ca href=\u0022\/sedevirtual\u0022 hreflang=\u0022es\u0022\u003ESEDE VIRTUAL DEL CONSORCIO DE TRIBUTOS\u003C\/a\u003E","field_fecha_creacion":"","field_fecha_de_actualizacion_":"\u003Ctime datetime=\u00222023-09-08T12:00:00Z\u0022 class=\u0022datetime\u0022\u003EVie, 08\/09\/2023 - 12:00\u003C\/time\u003E\n","field_contenido":"\u003Cp class=\u0022text-align-justify\u0022\u003E\u003Cimg alt=\u0022Logo Mapa\u0022 class=\u0022izquierdaTop\u0022 height=\u0022100\u0022 src=\u0022\/sites\/default\/files\/LogosTransp\/portal-web.png\u0022 width=\u0022100\u0022 \/\u003E\u00a0El Consorcio de Tributos cuenta con una \u003Ca href=\u0022\/SedeCentral\u0022 target=\u0022_blank\u0022\u003E(\u003Cimg alt=\u0022Logo Internet\u0022 class=\u0022TextoMidSin\u0022 height=\u002210\u0022 src=\u0022\/sites\/default\/files\/LogosDoc\/internet.png\u0022 width=\u002210\u0022 \/\u003E)sede central\u003C\/a\u003E ubicada en Santa Cruz de Tenerife, 26 oficinas descentralizadas repartidas por la isla de Tenerife, La Palma y El Hierro, adem\u00e1s de una \u003Cstrong\u003Esede virtual \u003C\/strong\u003Eaccesible a trav\u00e9s de Internet en la que podr\u00e1 encontrar informaci\u00f3n general, acceso a la Sede electr\u00f3nica, tr\u00e1mites para el pago de recibos, noticias, etc. en las siguientes direcciones electr\u00f3nicas:\u003C\/p\u003E\n\n\u003Cp class=\u0022text-align-justify\u0022\u003E\u00a0\u003C\/p\u003E\n\n\u003Cul\u003E\u003Cli\u003E\u003Cstrong\u003ESede virtual (p\u00e1gina web\u003C\/strong\u003E): \u003Ca href=\u0022https:\/\/www.tributostenerife.es\/\u0022 target=\u0022_blank\u0022\u003E(\u003Cimg alt=\u0022Logo Internet\u0022 class=\u0022TextoMidSin\u0022 height=\u002210\u0022 src=\u0022\/sites\/default\/files\/LogosDoc\/internet.png\u0022 width=\u002210\u0022 \/\u003E)https:\/\/www.tributostenerife.es\u003C\/a\u003E.\u003C\/li\u003E\n\t\u003Cli\u003E\u003Cstrong\u003EServicios mediante\u003C\/strong\u003E \u003Ca href=\u0022https:\/\/sede.tributostenerife.es\/sta\/CarpetaPrivate\/Login?APP_CODE=STA\u0026amp;PAGE_CODE=HOME\u0022 target=\u0022_blank\u0022\u003E(\u003Cimg alt=\u0022Logo Internet\u0022 class=\u0022TextoMidSin\u0022 height=\u002210\u0022 src=\u0022\/sites\/default\/files\/LogosDoc\/internet.png\u0022 width=\u002210\u0022 \/\u003E)sede electr\u00f3nica\u003C\/a\u003E.\u003C\/li\u003E\n\u003C\/ul\u003E\u003Cp class=\u0022text-align-center\u0022\u003E\u003Ca href=\u0022https:\/\/www.tributostenerife.es\/\u0022 target=\u0022_blank\u0022\u003E\u003Cimg alt=\u0022Captura inicio del portal web\u0022 height=\u0022407\u0022 src=\u0022\/sites\/default\/files\/imagenes\/WebCTT2.png\u0022 width=\u0022365\u0022 class=\u0022align-center\u0022 \/\u003E\u003C\/a\u003E\u003C\/p\u003E\n\n\u003Cp class=\u0022ruptura\u0022\u003E\u00a0\u003C\/p\u003E\n"}]